{"id":4103,"date":"2024-06-12T15:40:56","date_gmt":"2024-06-12T13:40:56","guid":{"rendered":"https:\/\/laviecommence.fr\/?p=4103"},"modified":"2024-06-12T19:21:17","modified_gmt":"2024-06-12T17:21:17","slug":"faire-de-la-lutte-contre-la-pauvrete-une-priorite-concrete","status":"publish","type":"post","link":"https:\/\/laviecommence.fr\/index.php\/2024\/06\/12\/faire-de-la-lutte-contre-la-pauvrete-une-priorite-concrete\/","title":{"rendered":"FAIRE DE LA LUTTE  CONTRE  LA PAUVRET\u00c9 UNE PRIORIT\u00c9 CONCR\u00c8TE  12\/07\/2024"},"content":{"rendered":"\n<p class=\"has-text-align-center\"><strong>FAIRE DE LA LUTTE CONTRE LA PAUVRET\u00c9 <\/strong><\/p>\n\n\n\n<p class=\"has-text-align-center\"><strong>UNE PRIORIT\u00c9 CONCR\u00c8TE <\/strong><\/p>\n\n\n\n<p><strong>Pour un revenu subsidiaire sans autre condition que la r\u00e9sidence et l\u2019absence d\u2019un revenu suffisant, octroy\u00e9 sur simple d\u00e9claration sur l\u2019honneur, avec contr\u00f4le \u00e0 post\u00e9riori.\u00a0<\/strong><\/p>\n\n\n\n<p>Le nouveau Front Populaire doit au plus vite se doter d\u2019une mesure simple, concr\u00e8te, de port\u00e9e g\u00e9n\u00e9rale de lutte contre la grande pauvret\u00e9. Cette mesure doit \u00eatre la g\u00e9n\u00e9ralisation imm\u00e9diate d\u2019un revenu suffisant pour tous. L\u2019\u00e9tape pr\u00e9alable doit \u00eatre la revalorisation imm\u00e9diate de tous les minima sociaux \u00e0 hauteur du seuil de pauvret\u00e9 retenu. Une fois ceci d\u00e9cid\u00e9, il faut une prestation subsidiaire pour que chacun puisse disposer de suite d\u2019un revenu au moins \u00e9gal \u00e0 ce minimum retenu<\/p>\n\n\n\n<p>Parce que <strong>c\u2019est juste <\/strong>:<\/p>\n\n\n\n<p>Pour une gauche solidaire, une soci\u00e9t\u00e9 plus juste est l\u2019objectif premier. Elle doit s\u2019appuyer sur la reconnaissance du droit de chacun \u00e0 vivre et \u00e0 vivre d\u00e9cemment. C\u2019est un droit imprescriptible, b\u00e2tir une soci\u00e9t\u00e9 plus juste passe d\u2019abord par la prise en compte des plus pauvres.\u00a0<\/p>\n\n\n\n<p>Parce que <strong>c\u2019est efficace<\/strong> :<\/p>\n\n\n\n<p>Tous les travaux des sociologues, psychologues et autres \u00ab\u00a0experts\u00a0\u00bb s\u00e9rieux du social et de la pauvret\u00e9 convergent pour dire que faire l\u2019aum\u00f4ne ne sert \u00e0 rien (voire empire la situation), verser un revenu suffisant a des effets vertueux. Dans le premier cas l\u2019argent est d\u00e9pens\u00e9 in\u00e9vitablement pour des satisfactions imm\u00e9diates (ex. drogues), dans le second cas le pauvre, qui n\u2019est pas plus con que vous et moi, r\u00e9fl\u00e9chit \u00e0 l\u2019utilisation la plus judicieuse. Beaucoup se joue dans la mani\u00e8re de donner, cela passe donc par un renforcement des moyens humains des organismes de s\u00e9curit\u00e9 sociale qui doivent retrouver le monopole de cette fonction.\u00a0<\/p>\n\n\n\n<p>Parce que <strong>c<\/strong>\u2019<strong>est la condition d<\/strong>\u2019<strong>un \u00e9largissement du Front Populaire <\/strong>:<\/p>\n\n\n\n<p>Doter notre Front Populaire d\u2019un fort axe de lutte contre la pauvret\u00e9 permet d\u2019y associer toutes les associations qui oeuvrent sur ce terrain. Par le renforcement de moyens humains de la S\u00e9curit\u00e9 sociale et autres services publics oeuvrant aussi sur cette question, nous redonnerons des couleurs et de la vie \u00e0 ce que Bourdieu nommait la \u00ab\u00a0main gauche\u00a0\u00bb de l\u2019\u00c9tat.<\/p>\n\n\n\n<p>Parce que <strong>cela donnerait \u00e0 notre rassemblement une dimension morale<\/strong> :<\/p>\n\n\n\n<p>Derni\u00e8re et pas la moindre des raisons pour se fixer une telle orientation, une telle priorit\u00e9, en ces heures graves que conna\u00eet \u00ab\u00a0la politique\u00a0\u00bb dans ce pays, elle est de nature \u00e0 remettre de la morale, osons le mot, de la vertu au coeur de la politique de gauche. Je suis persuad\u00e9 que cela est de nature \u00e0 redonner des couleurs humaines \u00e0 la politique des gauches, \u00e0 renforcer la loyaut\u00e9 et la convivialit\u00e9 qui doit nous unir.<\/p>\n","protected":false},"excerpt":{"rendered":"<p>FAIRE DE LA LUTTE CONTRE LA PAUVRET\u00c9 UNE PRIORIT\u00c9 CONCR\u00c8TE Pour un revenu subsidiaire sans autre condition que la r\u00e9sidence et l\u2019absence d\u2019un revenu suffisant, octroy\u00e9 sur simple d\u00e9claration sur l\u2019honneur, avec contr\u00f4le \u00e0 post\u00e9riori.\u00a0 Le nouveau Front Populaire doit au plus vite se doter d\u2019une mesure simple, concr\u00e8te, de port\u00e9e g\u00e9n\u00e9rale de lutte contre &hellip; <\/p>\n<p class=\"link-more\"><a href=\"https:\/\/laviecommence.fr\/index.php\/2024\/06\/12\/faire-de-la-lutte-contre-la-pauvrete-une-priorite-concrete\/\" class=\"more-link\">Continuer la lecture<span class=\"screen-reader-text\"> de &laquo;&nbsp;FAIRE DE LA LUTTE  CONTRE  LA PAUVRET\u00c9 UNE PRIORIT\u00c9 CONCR\u00c8TE  12\/07\/2024&nbsp;&raquo;<\/span><\/a><\/p>\n","protected":false},"author":3,"featured_media":0,"comment_status":"closed","ping_status":"closed","sticky":false,"template":"","format":"standard","meta":{"spay_email":""},"categories":[1],"tags":[],"jetpack_featured_media_url":"","jetpack_shortlink":"https:\/\/wp.me\/p9eCPT-14b","_links":{"self":[{"href":"https:\/\/laviecommence.fr\/index.php\/wp-json\/wp\/v2\/posts\/4103"}],"collection":[{"href":"https:\/\/laviecommence.fr\/index.php\/wp-json\/wp\/v2\/posts"}],"about":[{"href":"https:\/\/laviecommence.fr\/index.php\/wp-json\/wp\/v2\/types\/post"}],"author":[{"embeddable":true,"href":"https:\/\/laviecommence.fr\/index.php\/wp-json\/wp\/v2\/users\/3"}],"replies":[{"embeddable":true,"href":"https:\/\/laviecommence.fr\/index.php\/wp-json\/wp\/v2\/comments?post=4103"}],"version-history":[{"count":9,"href":"https:\/\/laviecommence.fr\/index.php\/wp-json\/wp\/v2\/posts\/4103\/revisions"}],"predecessor-version":[{"id":4118,"href":"https:\/\/laviecommence.fr\/index.php\/wp-json\/wp\/v2\/posts\/4103\/revisions\/4118"}],"wp:attachment":[{"href":"https:\/\/laviecommence.fr\/index.php\/wp-json\/wp\/v2\/media?parent=4103"}],"wp:term":[{"taxonomy":"category","embeddable":true,"href":"https:\/\/laviecommence.fr\/index.php\/wp-json\/wp\/v2\/categories?post=4103"},{"taxonomy":"post_tag","embeddable":true,"href":"https:\/\/laviecommence.fr\/index.php\/wp-json\/wp\/v2\/tags?post=4103"}],"curies":[{"name":"wp","href":"https:\/\/api.w.org\/{rel}","templated":true}]}}