{"id":188,"date":"2017-10-21T07:56:16","date_gmt":"2017-10-21T05:56:16","guid":{"rendered":"http:\/\/laviecommence.fr\/?p=188"},"modified":"2018-12-30T09:43:26","modified_gmt":"2018-12-30T08:43:26","slug":"1-mes-annees-de-formation","status":"publish","type":"post","link":"https:\/\/laviecommence.fr\/index.php\/2017\/10\/21\/1-mes-annees-de-formation\/","title":{"rendered":"1\/ Mes ann\u00e9es de formation"},"content":{"rendered":"<p style=\"text-align: right;\"><strong>I. Ma vie, mes chemins<\/strong><\/p>\n<p style=\"text-align: right;\">\u00ab\u00a0Je serai\u00a0toujours le gar\u00e7on qui grimpe sur le radiateur<br \/>\nde la salle de bains pour voir les \u00e9toiles &#8230; \u00bb<br \/>\nJJA<\/p>\n<h3>1\/ Mes ann\u00e9es de formation<\/h3>\n<p class=\"p1\"><span class=\"s1\">Je suis n\u00e9 \u00e0 Blanc-Mesnil le 25 d\u00e9cembre 1951. Comme, malgr\u00e9 parfois une tendance m\u00e9galo, je n\u2019\u00e9tais pas le nouveau messie, na\u00eetre ce jour-l\u00e0 \u00e9tait une arnaque. Je m\u2019en suis remis, comme de mon humiliation le jour o\u00f9 je me suis battu pour d\u00e9fendre l\u2019honneur de mon papa parce que des plus grands pr\u00e9tendaient que le P\u00e8re No\u00ebl n\u2019existait pas, alors que mon \u00ab\u00a0P\u00e8re \u00e0 moi\u00a0\u00bb m\u2019avait dit le contraire. J\u2019\u00e9tais le deuxi\u00e8me enfant d\u2019une fratrie qui en compterait cinq, dix ans plus tard. Pour suivre l\u2019\u00e9volution de la carri\u00e8re de mon p\u00e8re, nous avons pas mal voyag\u00e9 : Blanc-Mesnil, Aulnay-sous-Bois, Cabourg, Dives-sur-mer, retour \u00e0 Aulnay-sous-bois, Besan\u00e7on. Par la suite pour mes aventures de jeunesse, puis ma propre carri\u00e8re je voyageais de Besan\u00e7on \u00e0 Marseille, puis Lausanne, Gen\u00e8ve, Savigny-sur-Orge, Saint-Maur, retour \u00e0 Marseille, Martigues, Ch\u00e2teauneuf-les-Martigues, Nancy,<span class=\"Apple-converted-space\">\u00a0 <\/span>Troyes, Saint-\u00c9tienne, Saint-Nazaire, Echenos-la-M\u00e9line et \u2026 Vesoul, derni\u00e8re \u00e9tape ? c\u2019est pas encore s\u00fbr, mais probable, disons possible\u2026 quoique ?<\/span><\/p>\n<p class=\"p1\"><span class=\"s1\">\u00c0 Blanc-Mesnil et Aulnay, nous habitions avec les grands-parents maternels. Ma Mamie est morte en 1962, mon P\u00e9p\u00e9 nous a suivis \u00e0 Besan\u00e7on o\u00f9 il est mort en 1970. Cette ann\u00e9e-l\u00e0, pas tr\u00e8s longtemps apr\u00e8s sa mort j\u2019ai fugu\u00e9 en Espagne. \u00c0 mon retour j\u2019avais rendez-vous avec une belle Dame qui me faisait r\u00eaver\u2026 elle est venue, je suis rest\u00e9 muet. Embauch\u00e9 comme employ\u00e9 de librairie, apr\u00e8s quelques travaux en usine comme int\u00e9rimaire, je pris mon premier appartement (cf. Annexe 1).<\/span><\/p>\n<p class=\"p1\"><span class=\"s1\">Je m\u2019arr\u00eate l\u00e0 pour l\u2019instant, je ne veux pas vous raconter toute ma vie, ou vous dire tout sur moi. Je veux r\u00e9diger un \u00ab\u00a0document\u00a0\u00bb, sur ce qui a fait de moi, ce qui m\u2019a permis de faire de moi, un militant\u2026 Il faudrait que je trouve un adjectif, une qualification \u00e0 accoler \u00e0 militant. Il en est plusieurs qui me conviendraient, mais toutes posent un probl\u00e8me, soul\u00e8vent une ambigu\u00eft\u00e9. R\u00e9volutionnaire ? Je ne le suis pas assez pour beaucoup, m\u00eame de mes amis. Communiste ? \u00e7a me pla\u00eet, mais il n\u2019y a pas tr\u00e8s longtemps que je suis au PCF et je n\u2019ai pas aim\u00e9 du tout ce qu\u2019\u00e9tait ce parti en 1968. \u00ab\u00a0De gauche\u00a0\u00bb ? Certes, mais pas comme F. Hollande et au sein de cette gauche j\u2019ai toujours \u00e9t\u00e9 d\u2019un \u00ab\u00a0camp\u00a0\u00bb plus \u00ab\u00a0radical\u00a0\u00bb\u2026 excusez les guillemets \u00e0 r\u00e9p\u00e9tition, mais tous les mots sont pi\u00e9g\u00e9s. Je pourrais aligner, discuter plein de mots, je ne trouverais pas aujourd\u2019hui celui qui conviendrait pour d\u00e9finir l\u2019orientation de ma vie. Puisqu\u2019il s\u2019agit bien d\u2019une orientation, je vais juste indiquer la direction, j\u2019\u00e9crirais dor\u00e9navant :\u00a0militant \u00e0 gauche. C\u2019est \u00e0 dire dans le camp des travailleurs, des exploit\u00e9s, mais aussi de tous les opprim\u00e9s, dans le camp de la culture pour tous, dans le camp d\u2019une humanit\u00e9 unifi\u00e9e, \u00e0 unifier. Pour moi tout ceci me semble coller aujourd\u2019hui avec mon adh\u00e9sion au PCF, d\u2019autres font d\u2019autres choix, l\u2019important c\u2019est d\u2019aller \u00e0 gauche, de reconstruire.<\/span><\/p>\n<p class=\"p1\"><span class=\"s1\">J\u2019ai longtemps utilis\u00e9 la formule \u00ab\u00a0je suis n\u00e9 en 1968\u00a0\u00bb, je signifiais par l\u00e0 que les \u00e9v\u00e8nements de cette ann\u00e9e-l\u00e0 avaient marqu\u00e9 une rupture dans ma vie personnelle et tous les choix qui ont suivis. Cette rupture, ce choix d\u2019un camp politique et social, d\u2019un engagement radical au sens de Marx : \u00ab\u00a0\u00catre\u00a0radical, c\u2019est saisir les choses \u00e0 la racine, mais la racine, pour l\u2019homme, c\u2019est l\u2019homme lui-m\u00eame. \u00bb, viens aussi de ce que j\u2019ai pris dans mon environnement familial, dans mon \u00e9ducation. \u00ab\u00a0Ce que j\u2019ai pris\u00a0\u00bb me semble la bonne formule, il n\u2019y a pas de d\u00e9terminisme m\u00e9canique. Nous \u00e9tions cinq enfants, les trajectoires, les choix furent fort diff\u00e9rents pour chacun. Je veux noter pour moi, ce qui dans ma trajectoire d\u2018enfant, puis d\u2019adolescent m\u2019a aid\u00e9 \u00e0 construire un attachement au camp des travailleurs, des domin\u00e9s.<\/span><\/p>\n<p class=\"p1\"><span class=\"s1\">En remontant \u00e0 mon enfance, je parlerais peu de la relation \u00e0 mes parents, car je serais bien incapable de remonter \u00e0 la petite enfance. Je n\u2019ai pas suivi d\u2019analyse. Il est sur que bien des aspects de ma personnalit\u00e9 se sont fabriqu\u00e9s \u00e0 cette \u00e9poque, je mentionnerais sans me tromper mon compagnonnage prolong\u00e9<span class=\"Apple-converted-space\">\u00a0 <\/span>avec la col\u00e8re, une forme de timidit\u00e9, ma peur de me perdre, ma peur panique \u00e0 certains moments de n\u2019\u00eatre plus vu par personne (cf. le beau roman de Sylvie Germain \u00ab\u00a0Hors champ\u00a0\u00bb)\u2026 Il y a une autre raison \u00e0 cette r\u00e9serve pudique sur mes parents, mon p\u00e8re vit encore, je ne m\u2019accorde pas le droit de \u00ab\u00a0parler sur\u00a0\u00bb lui et \u00ab\u00a0sur\u00a0\u00bb sa femme, ma maman. La m\u00eame r\u00e9serve rend extr\u00eamement difficile la r\u00e9daction de ce qui concerne mes amours, ma famille, celle que j\u2019ai tent\u00e9 de construire, deux fois, recompos\u00e9e. Je m\u2019interdis de parler \u00ab\u00a0sur\u00a0\u00bb mes \u00e9pouses. Parler \u00ab\u00a0sur\u00a0\u00bb, s\u2019oppose pour moi \u00e0 parler de, je ne sais pas si cette distinction est tr\u00e8s claire ni tr\u00e8s correcte. Cependant, j\u2019ai trouv\u00e9 sur le net ceci : \u00ab\u00a0Alors que -parler-\u00a0 ne se construit pas avec -sur -,\u00a0dire &#8211;sur- (un sujet, une affaire\u2026 voire quelqu\u2019un) est attest\u00e9 de longue date, y compris en langage soutenu (cf.\u00a0discours sur la m\u00e9thode), dans le sens de\u00a0faire des commentaires -sur-.\u00a0\u00bb Alors \u00e7a me va, j\u2019aurais d\u00fb \u00e9crire je me refuse \u00e0 \u00ab\u00a0dire sur\u00a0\u00bb, pour me contenter de faits.<\/span><\/p>\n<p class=\"p1\"><span class=\"s1\">De ma m\u00e8re je peux dire qu\u2019elle m\u2019a beaucoup aim\u00e9, valoris\u00e9. Au point de marquer une diff\u00e9rence un peu difficile pour ma grande soeur. Le fait qu\u2019elle \u00ab\u00a0tombe dans les pommes\u00a0\u00bb \u00e0 la vue du sang a sans doute jou\u00e9 un r\u00f4le dans ma sensiblerie qui m\u2019a toujours \u00e9nerv\u00e9e. Dans ma formation de militant, je parlerais plus loin du r\u00f4le involontaire qu\u2019elle a eu juste apr\u00e8s le mois de mai 1968 et une dizaine d\u2019ann\u00e9es plus tard.<\/span><\/p>\n<p class=\"p1\"><span class=\"s1\">Mes souvenirs les plus lointains de mon p\u00e8re sont ceux li\u00e9s \u00e0 l\u2019usine Cegedur (m\u00e9tallurgie) de Dives sur mer, o\u00f9 il occupait un poste de chef d\u2019atelier. Nous avons habit\u00e9 quelque temps une maison juste \u00e0 c\u00f4t\u00e9 son usine, au point qu\u2019il lui est arriv\u00e9 d\u2019intervenir sur les b\u00eatises que nous faisions pendant qu\u2019il \u00e9tait au travail. Je ne crois pas qu\u2019il nous voyait les faire\u2026 mais la d\u00e9nonciation \u00e9tait salutaire parfois, quand il s\u2019agissait d\u2019\u00e9viter \u00e0 l\u2019une ou \u00e0 l\u2019un de nous de tomber par la fen\u00eatre. J\u2019ai \u00e9t\u00e9 tr\u00e8s impressionn\u00e9 par la visite de cette usine : les presses, la tr\u00e9filerie. Ainsi, tr\u00e8s jeune j\u2019approchais le monde des usines, plus marqu\u00e9 par la beaut\u00e9 du m\u00e9tal en fusion que par la duret\u00e9 des conditions de travail. Ce n\u2019est que tr\u00e8s r\u00e9cemment, alors que mon p\u00e8re aura 90 ans cette ann\u00e9e, que j\u2019ai discut\u00e9 avec lui de sa formation initiale et de ses d\u00e9buts professionnels.<\/span><\/p>\n<p class=\"p1\"><span class=\"s1\">Adolescent c\u2019est une tout autre r\u00e9alit\u00e9 du travail de mon p\u00e8re et de sa place sociale que je d\u00e9couvrais. En arrivant \u00e0 Besan\u00e7on en 1963 il int\u00e9grait comme salari\u00e9, mais avec d\u2019importantes responsabilit\u00e9s, l\u2019organisation patronale de la m\u00e9tallurgie (GIM). Entre temps, \u00e0 Paris, alors que nous habitions \u00e0 Aulnay je ne sus pas grand-chose de son travail. Ce fut surtout une p\u00e9riode de formation, avec le CNAM, il devint ing\u00e9nieur en organisation. Dans ses responsabilit\u00e9s dans l\u2019organisation patronale il s\u2019occupait, entre autres, de formation professionnelle, je m\u2019int\u00e9ressais \u00e0 cet aspect de son travail. Je lui dois sans doute en partie mon grand respect pour le travail ouvrier\u2026 m\u00eame si pour moi il \u00e9tait un d\u00e9fenseur d\u2019un syst\u00e8me que j\u2019allais combattre. Son exemple m\u2019a servi le jour o\u00f9 par n\u00e9cessit\u00e9<span class=\"Apple-converted-space\">\u00a0 <\/span>je d\u00e9cidais de devenir cadre, puis agent de direction. C\u2019\u00e9tait possible, il l\u2018avait fait, je profitais aussi de documents \u00e0 lui et surtout de m\u00e9thodes de travail (cf. mes collections de coupures de journaux). D\u2019ailleurs, ces m\u00e9thodes me servirent surtout dans mon activit\u00e9 militante et intellectuelle. C\u2019est mon p\u00e8re qui m\u2019ouvrit le vaste monde des livres. La lecture dans mon enfance se limita \u00e0 celle de trois livres : \u00ab\u00a0Le dernier des mohicans\u00a0\u00bb, \u00ab\u00a0Le capitaine Corcoran\u00a0\u00bb et \u00ab\u00a0Chico gar\u00e7on des rues\u00a0\u00bb. Si les deux premiers lus et relus me firent r\u00eaver, le troisi\u00e8me \u00e9tait plus pr\u00e9monitoire. Il ne serait pas juste de passer sous silence les petites bandes dessin\u00e9es (dans un format qui n\u2019existe plus) avec des histoires de cowboys et d\u2019indiens. Je ne refais pas l\u2019histoire si j\u2019affirme que je pr\u00e9f\u00e9rais quand les indiens gentils gagnaient. Il y eut ensuite le magazine Pilote ou je d\u00e9couvris Ast\u00e9rix et Ob\u00e9lix, mais aussi comment fabriquer un poste de radio avec une pomme de terre. Oui, oui, \u00e7a marche, je captais France Culture, d\u00e9j\u00e0, mais ce n\u2019\u00e9tait pas un choix. Le vrai d\u00e9clic pour la lecture je le dois \u00e0 un geste de g\u00e9nie de mon p\u00e8re. Un jour je fis une b\u00eatise, ne me demandait pas laquelle, mon p\u00e8re ne m\u2019a pas puni, il m\u2019a fait la morale puis offert un livre avec une d\u00e9dicace (ma premi\u00e8re) morale aussi,\u00a0 c\u2019\u00e9tait \u00ab\u00a0Terre des Hommes de Saint-Exup\u00e9ry.\u00a0 J\u2019ai aim\u00e9 ce livre, j\u2019ai voulu conna\u00eetre tous les livres de Saint-Exup\u00e9ry. J\u2019ai m\u00eame lu Citadelle, pas tout compris, mais je trouvais \u00e7a beau. Le pli \u00e9tait pris, je ne m\u2019arr\u00eaterais plus de lire. Je retrouverais souvent l\u2019envie de d\u00e9couvrir tout un auteur, que ce soit de la po\u00e9sie, de la philosophie&#8230; et beaucoup plus tard des polars, des romans. Par mon p\u00e8re il y avait des livres \u00e0 la maison, dans mes ann\u00e9es 68 je plongeais dans ses livres, m\u00eame ceux qui heurtaient mes nouvelles convictions, notamment la tr\u00e8s \u00e0 droite, mais tr\u00e8s belle et instructive revue Spectacle du monde.<\/span><\/p>\n<p class=\"p1\"><span class=\"s1\">Que je dise encore que mon p\u00e8re en me trouvant un travail en usine, au mois d\u2019ao\u00fbt 1969, m\u2019a offert ma premi\u00e8re exp\u00e9rience ouvri\u00e8re. Mais dans un premier temps (trop long ) c\u2019est surtout en opposition que je me percevais redevable de mon p\u00e8re pour mes choix, notamment mes choix politiques militants.<\/span><\/p>\n<p class=\"p1\"><span class=\"s1\">Par contre, c\u2019est \u00e0 mon grand-p\u00e8re maternel que je dois un lien vivant avec \u00ab\u00a0le monde ouvrier\u00a0\u00bb. \u00c0 l\u2019ancien footballeur je dois mon premier ballon en cuir (un souvenir qui m\u2019\u00e9meut encore) et tout ce qui s\u2019en suivit dans la passion du foot : la camaraderie sur le terrain, dans les vestiaires, autour du terrain. \u00c0 Besan\u00e7on le samedi soir, ou le dimanche en fin d\u2019apr\u00e8s-midi \u00e0 la sortie du stade il y avait une belle manifestation populaire, joyeuse ou triste, tr\u00e8s masculine certes. Du vin chaud qu\u2019il buvait \u00e0 la mi-temps, au petit rhum qui accompagnait son caf\u00e9 sur le comptoir du caf\u00e9 apr\u00e8s le match j\u2019ai copi\u00e9 plus tard ses mauvaises habitudes qui furent aussi moyens de liens fraternels. C\u2019est lui aussi qui m\u2019a parl\u00e9 fi\u00e8rement de son travail \u00e0 la baratte pour fabriquer le beurre. J\u2019ai gard\u00e9 une certaine admiration pour le travail de fabrication, m\u00eame si pour d\u2019autres raisons, j\u2019ai une certaine inaptitude au travail manuel, se transformant en aversion quand il s\u2019agit d\u2019en faire \u00ab\u00a0pour le plaisir\u00a0\u00bb. Il fallut du temps pour que l\u2019on me dise dyslexique et me fasse b\u00e9n\u00e9ficier d\u2019une \u00ab\u00a0r\u00e9\u00e9ducation\u00a0\u00bb pas du tout d\u00e9sagr\u00e9able. Beaucoup moins sympathique fut le fait que l\u2019on me d\u00e9clare inapte \u00e0 la pratique de la musique. Je fus le seul des 5 enfants exclu de cet apprentissage, qui m\u2019aurait pourtant \u00e9tait b\u00e9n\u00e9fique et que je d\u00e9sirais tant. De m\u00eame cette \u00e9tiquette, dyslexique, ne me prot\u00e9gea pas du m\u00e9pris de mon prof de travaux manuels, qui s\u2019acharna \u00e0 m\u2019\u00e9liminer du tableau d\u2019honneur, ni des z\u00e9ros en orthographe. Heureusement une prof de fran\u00e7ais intelligente su me valoriser autrement, c\u2019\u00e9tait en 6\u00b0, une fois qu\u2019elle eu d\u00e9couvert lors de jeux qu\u2019elle organisait, l\u2019\u00e9tendu de mes champs d\u2019int\u00e9r\u00eat et de ma culture. Puisque que j\u2019en suis aux rencontres de professeurs, que je raconte que c\u2019est aussi en 6\u00b0, qu\u2019amoureux de ma prof d\u2019histoire g\u00e9o, je me pris de passion pour l\u2019histoire et la g\u00e9ographie. En premi\u00e8re et terminale, un autre prof de fran\u00e7ais, que je jugeais r\u00e9actionnaire, su aussi valoriser et sanctionner mes efforts pour faire de mes r\u00e9dactions des initiatives \u00ab\u00a0r\u00e9volutionnaires\u00a0\u00bb : \u00ab\u00a0cette fois monsieur Angot, votre tentative est totalement hors sujet, j\u2019ai donc mis un z\u00e9ro\u00a0\u00bb, la fois d\u2019avant il m\u2019avait mis 19, tout en exprimant son d\u00e9saccord. Mais j\u2019\u00e9tais en premi\u00e8re, ou en terminale, c\u2019\u00e9tait d\u00e9j\u00e0 les ann\u00e9es 68, mais encore le temps de la formation\u2026 pas pour longtemps.<\/span><\/p>\n<p class=\"p1\"><span class=\"s1\">Que je dise aussi que je fais aussi partie de la premi\u00e8re g\u00e9n\u00e9ration t\u00e9l\u00e9. La t\u00e9l\u00e9vision est entr\u00e9e dans la maison familiale en 1957. Ivanoh\u00e9 et Zorro me servirent de h\u00e9ros mod\u00e8les et le monde f\u00eet aussi son entr\u00e9e chez nous, nous \u00e9tions \u00e0 table au moment du journal t\u00e9l\u00e9vis\u00e9, je me souviens aussi de Cinq colonnes \u00e0 la une.. Le monde je le d\u00e9couvrais aussi, plus tard,\u00a0 gr\u00e2ce \u00e0 mon transistor. C\u2019est mon P\u00e9p\u00e9 qui m\u2019a achet\u00e9 mon premier transistor, bien apr\u00e8s le premier ballon, merveille il avait une poign\u00e9e, il me suivait partout. Au d\u00e9but il me servit surtout \u00e0 suivre les championnats de foot et les courses cyclistes, le Tour de France, qui n\u2019\u00e9tait pas encore suivi par la t\u00e9l\u00e9vision toute la journ\u00e9e. Comme tous les jeunes de mon \u00e9poque, je d\u00e9couvrais les groupes de rock et les chanteurs \u00e0 la mode. En 1968 ce sont les directs de la radio qui ont allum\u00e9 le feu dans toutes les provinces.<\/span><\/p>\n<p class=\"p1\"><span class=\"s1\">Revenons \u00e0 la famille, sans trop s\u2019\u00e9loigner de l\u2019\u00e9ducation nationale. Mon grand-p\u00e8re paternel prof d\u2019histoire-g\u00e9o, directeur d\u2019\u00e9cole, puis libraire, \u00e9galement Libre penseur a \u00e9t\u00e9 pour moi une r\u00e9f\u00e9rence importante. D\u00e9j\u00e0 il m\u2019aida \u00e0 ne pas faire de complexe \u00e0 propos de mes fautes d\u2019orthographe en me faisant conna\u00eetre le dicton \u00ab\u00a0L\u2019orthographe est la science des \u00e2nes\u00a0\u00bb. Il valorisa mes savoirs, renfor\u00e7a mon attrait pour l\u2019histoire, indirectement pour la politique. Puis quand je m\u2019\u00e9loignerais, puis rejetterais la religion de mes parents, je verrais en lui une r\u00e9f\u00e9rence. Ce fut aussi le cas pour mon oncle paternel, l\u2019irr\u00e9v\u00e9rencieux, l\u2019artiste, l\u2019alcoolique aussi, le trotskiste, sur ce dernier point c\u2019est peut-\u00eatre mon imagination qui parle, mais c\u2019est lui qui parla \u00ab\u00a0des latrines en or\u00a0\u00bb dans une citation de L\u00e9nine ou de Trotsky, lors d\u2019un repas de famille !<\/span><\/p>\n<p class=\"p1\"><span class=\"s1\">Dans mon orientation \u00e0 gauche, et la formation du bagage qui me pr\u00e9disposa \u00e0 l\u2019engagement, il me faut ajouter \u00e0 l\u2019influence de la famille et de l\u2019\u00e9cole, celle de l\u2019\u00c9glise. Eh ! Enfin d\u2019une certaine \u00c9glise, celle qui marchait \u00e0 gauche, tr\u00e8s minoritaire. \u00c0 tout seigneur, tout honneur, le P\u00e8re Baudicquey est pour moi l\u2019humain le plus remarquable que j\u2019ai rencontr\u00e9. Il fut mon aum\u00f4nier au Lyc\u00e9e Victor Hugo de Besan\u00e7on, plus encore dans le cadre de la JEC. Je me rappelle avec \u00e9motion de ses ( ? ), dur de trouver un mot pour parler de sa parole, ce n\u2019\u00e9tait pas un cours, pas un discours, pas une causerie. Il ne parlait pas fort, mais il captivait tout son auditoire (dans mon souvenir), il nous enrichissait, il nous faisait d\u00e9couvrir\u2026 sa culture \u00e9tait immense, son attention \u00e0 nous \u00e9tait compl\u00e8te. Je n\u2019ai plus une foi religieuse, mais je lui dois sans doute en partie ma foi \u00e0 moi, celle dans les humains, dans l\u2019humanit\u00e9 possible, esp\u00e9r\u00e9e. Je lui dois aussi d\u2019avoir d\u00e9couvert un Christ \u00ab\u00a0communiste\u00a0\u00bb, Rimbaud, Renoir (le peintre) et Rouault\u2026 J\u2019ai encore des notes prises lors de ses \u00ab\u00a0prises de parole\u00a0\u00bb. Je lui dois aussi la confiance dans l\u2019affirmation de ma parole propre, par l\u2019attention qu\u2019il lui donnait en retour. \u00c0 la JEC j\u2019ai aussi connu le p\u00e8re Cachot (futur aum\u00f4nier des prisons !), on l\u2019appelait le PePsy \u00e0 cause de sa formation de psychologue. Je sais la r\u00e9sonance qu\u2019a eue en moi son affirmation \u00ab\u00a0si quelqu\u2019un crie ou s\u2019il est<span class=\"Apple-converted-space\">\u00a0 <\/span>m\u00e9chant, c\u2019est qu\u2019il a mal\u00a0\u00bb. Eh oui Mr Valls ! d\u00e9j\u00e0 la politique de l\u2019excuse ! Je sais aussi que c\u2019est par son attention \u00e0 moi, que lors d\u2019une grande discussion il me dit : \u00ab\u00a0dans tout ce que tu racontes, tu parles des humains (il a d\u00fb dire des hommes), il n\u2019y a pas de place pour Dieu\u00a0\u00bb. Je ne sais ce que je lui ai r\u00e9pondu sur le moment, mais je sais que de ce jour je n\u2019ai plus eu de probl\u00e8me avec un Dieu, il n\u2019avait pas sa place dans ma vie, dans mes r\u00e9flexions. La JEC fut aussi ma premi\u00e8re exp\u00e9rience d\u2019organisation, de prise de responsabilit\u00e9s. Je ne situe pas exactement en quelle ann\u00e9e se situe le congr\u00e8s de la JEC o\u00f9 je d\u00e9couvris le charme d\u2019une s\u00e9ance nocturne de d\u00e9bats \u00e0 coup de motions et d\u2019amendements. Pour clore le chapitre sur la contribution de l\u2019Eglise \u00e0 ma formation de militant \u00e0 gauche, mon p\u00e8re avant le cadeau d\u2019un boulot en usine en 1969 (qui paracheva mes convictions) m\u2019offrit pour l\u2019\u00e9t\u00e9 1968 un voyage organis\u00e9 en Espagne sous la houlette d\u2019un cur\u00e9 d\u2019Aulnay avec qui mes parents \u00e9taient rest\u00e9s en lien. Il pensait m\u2019\u00e9loigner des turpitudes post 68. Il ne pouvait pas deviner que dans le bus qui nous ferait faire le tour de l\u2019Espagne, se retrouveraient des protagonistes du beau mois de Mai, avides de compl\u00e9ter leurs formations par leurs \u00e9changes. Ils feraient aussi une exp\u00e9rience de solidarit\u00e9 ouvri\u00e8re en travaillant \u00e0 la cueillette des poires. La r\u00e9ponse de choeurs en espagnol, par les belles ouvri\u00e8res espagnoles, \u00e0 nos chants r\u00e9volutionnaires et surtout le chant en commun de \u00ab\u00a0No satisfaction\u00a0\u00bb r\u00e9sonnent encore dans ma m\u00e9moire, juste \u00e0 c\u00f4t\u00e9 de \u00ab\u00a0Allumer le feu\u00a0\u00bb de Johnny, chanter \u00e0 l\u2019 usine \u00e0 un autre moment de ma vie.<span class=\"Apple-converted-space\">\u00a0 <\/span>Et le cur\u00e9, \u00ab\u00a0ami de mes parents\u00a0\u00bb de nous l\u00e2cher un jour : \u00ab\u00a0 Je ne suis pas d\u2019accord avec la violence de votre mouvement, mais je lui suis quand m\u00eame redevable de quelque chose, mon fr\u00e8re \u00e9tait CRS et bien con, vous l\u2019avez fait d\u00e9missionner et\u2026 r\u00e9fl\u00e9chir.\u00a0\u00bb Au retour de ce premier voyage je dormis \u00e0 Bordeaux chez mon oncle et ma tante, outre le souvenir d\u2019avoir dormi pr\u00e8s de 24 h d\u2019affil\u00e9\u00a0 (\u00e7a fatigue les discussions entre militants),\u00a0 je me souviens de ma premi\u00e8re lecture du \u00ab\u00a0Que faire ?\u00a0\u00bb de L\u00e9nine d\u00e9couvert dans les affaires de mon cousin absent. L\u2019\u00e9tape suivante du voyage \u00e9tait Pornichet, la petite maison de vacances de mes grands-parents paternels. Question de place je dormais dans le garage, et j\u2019y restais une grande partie de la journ\u00e9e pour \u00e9viter la p\u00eache \u00e0 pied et d\u00e9vorer \u00ab\u00a0Ma\u00a0\u00bb vie de Trotski, fantastique livre, mieux qu\u2019un roman et quelle le\u00e7on d\u2019histoire.<\/span><\/p>\n<p class=\"p1\"><span class=\"s1\">La r\u00e9flexion que je me fais, apr\u00e8s avoir revisit\u00e9 mes ann\u00e9es de formation, c\u2019est que la disparition \u00e0 la fois de l\u2019h\u00e9g\u00e9monie culturelle de l\u2019\u00c9glise et en face, de celle du PCF dans le camp des travailleurs laisse sans doute aujourd\u2019hui la jeunesse sans rep\u00e8re pour se construire, en n\u00e9gatif comme en positif, ses propres rep\u00e8res ? Nous ne retournerons pas en arri\u00e8re, mais ces faits donnent l\u2019ampleur du d\u00e9fi culturel et \u00e9ducatif que doit relever la gauche \u00e0 construire et la \u00ab\u00a0force communiste\u00a0\u00bb dont je r\u00eave activement.<\/span><\/p>\n<p style=\"text-align: right;\">\n","protected":false},"excerpt":{"rendered":"<p>I. Ma vie, mes chemins \u00ab\u00a0Je serai\u00a0toujours le gar\u00e7on qui grimpe sur le radiateur de la salle de bains pour voir les \u00e9toiles &#8230; \u00bb JJA 1\/ Mes ann\u00e9es de formation Je suis n\u00e9 \u00e0 Blanc-Mesnil le 25 d\u00e9cembre 1951. Comme, malgr\u00e9 parfois une tendance m\u00e9galo, je n\u2019\u00e9tais pas le nouveau messie, na\u00eetre ce jour-l\u00e0 &hellip; <\/p>\n<p class=\"link-more\"><a href=\"https:\/\/laviecommence.fr\/index.php\/2017\/10\/21\/1-mes-annees-de-formation\/\" class=\"more-link\">Continuer la lecture<span class=\"screen-reader-text\"> de &laquo;&nbsp;1\/ Mes ann\u00e9es de formation&nbsp;&raquo;<\/span><\/a><\/p>\n","protected":false},"author":3,"featured_media":0,"comment_status":"closed","ping_status":"closed","sticky":false,"template":"","format":"standard","meta":{"spay_email":""},"categories":[9],"tags":[],"jetpack_featured_media_url":"","jetpack_shortlink":"https:\/\/wp.me\/p9eCPT-32","_links":{"self":[{"href":"https:\/\/laviecommence.fr\/index.php\/wp-json\/wp\/v2\/posts\/188"}],"collection":[{"href":"https:\/\/laviecommence.fr\/index.php\/wp-json\/wp\/v2\/posts"}],"about":[{"href":"https:\/\/laviecommence.fr\/index.php\/wp-json\/wp\/v2\/types\/post"}],"author":[{"embeddable":true,"href":"https:\/\/laviecommence.fr\/index.php\/wp-json\/wp\/v2\/users\/3"}],"replies":[{"embeddable":true,"href":"https:\/\/laviecommence.fr\/index.php\/wp-json\/wp\/v2\/comments?post=188"}],"version-history":[{"count":15,"href":"https:\/\/laviecommence.fr\/index.php\/wp-json\/wp\/v2\/posts\/188\/revisions"}],"predecessor-version":[{"id":1142,"href":"https:\/\/laviecommence.fr\/index.php\/wp-json\/wp\/v2\/posts\/188\/revisions\/1142"}],"wp:attachment":[{"href":"https:\/\/laviecommence.fr\/index.php\/wp-json\/wp\/v2\/media?parent=188"}],"wp:term":[{"taxonomy":"category","embeddable":true,"href":"https:\/\/laviecommence.fr\/index.php\/wp-json\/wp\/v2\/categories?post=188"},{"taxonomy":"post_tag","embeddable":true,"href":"https:\/\/laviecommence.fr\/index.php\/wp-json\/wp\/v2\/tags?post=188"}],"curies":[{"name":"wp","href":"https:\/\/api.w.org\/{rel}","templated":true}]}}