{"id":1563,"date":"2019-10-31T14:31:09","date_gmt":"2019-10-31T13:31:09","guid":{"rendered":"http:\/\/laviecommence.fr\/?p=1563"},"modified":"2019-10-31T18:20:25","modified_gmt":"2019-10-31T17:20:25","slug":"nous-avons-le-temps-suivi-de-une-bibliotheque-a-soi","status":"publish","type":"post","link":"https:\/\/laviecommence.fr\/index.php\/2019\/10\/31\/nous-avons-le-temps-suivi-de-une-bibliotheque-a-soi\/","title":{"rendered":"\u00ab\u00a0Nous avons le temps\u00a0\u00bb suivi de \u00ab\u00a0Une biblioth\u00e8que \u00e0 soi\u00a0\u00bb 31\/10\/2019"},"content":{"rendered":"\n<h2>\u00ab\u00a0Nous avons le temps\u00a0\u00bb <br>suivi de <br>\u00ab\u00a0Une biblioth\u00e8que \u00e0 soi\u00a0\u00bb 31\/10\/2019<\/h2>\n\n\n\n<p>Certains soi-disant philosophes ou autres vendeurs de recettes pour \u00ab\u00a0mieux vivre\u00a0\u00bb vont r\u00e9p\u00e9tant tant\u00f4t \u00ab\u00a0Vis ce jour comme si c&rsquo;\u00e9tait le dernier\u00a0\u00bb, tant\u00f4t \u00ab\u00a0Cueilles le jour pr\u00e9sent sans te soucier du lendemain\u00a0\u00bb. Je ne sais si ce sont les m\u00eames, je n&rsquo;ai pas trop port\u00e9 attention \u00e0 ces vendeurs, je les crois capables  de dire les deux tour \u00e0 tour, ou en m\u00eame temps. Ces injonctions sont pourtant contradictoires, comme moi, je pense que pour bien profiter de votre journ\u00e9e, vous pr\u00e9f\u00e9rez la savoir suivie d&rsquo;autres. Quant \u00e0 vivre chaque journ\u00e9e comme si c&rsquo;\u00e9tait la derni\u00e8re, voil\u00e0 une mani\u00e8re bien fun\u00e8bre de se projeter dans la vie. Je ne sais pas vous, mais je ne suis pas press\u00e9 d&rsquo;\u00eatre \u00e0 mon dernier jour, possible d&rsquo;ailleurs que je ne sois pas pr\u00e9venu, aussi que je ne sois pas du tout en \u00e9tat d&rsquo;en profiter, ou alors pr\u00e9venu bien trop \u00e0 l&rsquo;avance et que je gal\u00e8re trop longtemps. Je voudrais bien choisir le jour, mais je crois bien qu&rsquo;on l&rsquo;interdit, sauf si j&rsquo;ai de l&rsquo;argent pour un voyage \u00e0 l&rsquo;\u00e9tranger.<\/p>\n\n\n\n<p>Bon, moi je m&rsquo;accommode autrement de mon temps de vie. Je me dis que j&rsquo;ai encore du temps devant moi et que je me soucierai toujours du\/des lendemains. J&rsquo;ai des enfants, des petits enfants&#8230; et pleins de soeurs et fr\u00e8res humains qui me survivront, comment oserais-je ne pas me soucier des lendemains.<\/p>\n\n\n\n<p>De plus, tous ces d\u00e9bats pour savoir s&rsquo;il faut se d\u00e9lester du pass\u00e9, ou de l&rsquo;avenir n&rsquo;ont aucun sens. L&rsquo;humain est cet animal dot\u00e9 d&rsquo;une incroyable m\u00e9moire et d&rsquo;une imagination tout aussi surprenante. Notre pr\u00e9sent est un m\u00e9lange de nos souvenirs revisit\u00e9s, remani\u00e9s et de nos lendemains imagin\u00e9s et reb\u00e2tis sans cesse.<\/p>\n\n\n\n<p>Les humains sont les seuls qui disposent de tout ce temps, alors vivons le pleinement et faisons-en tout ce que nous pouvons. <\/p>\n\n\n\n<figure class=\"wp-block-image\"><img loading=\"lazy\" width=\"612\" height=\"458\" src=\"http:\/\/laviecommence.fr\/wp-content\/uploads\/2019\/10\/On-vit-tous-les-jours.jpg\" alt=\"\" class=\"wp-image-1574\" srcset=\"https:\/\/laviecommence.fr\/wp-content\/uploads\/2019\/10\/On-vit-tous-les-jours.jpg 612w, https:\/\/laviecommence.fr\/wp-content\/uploads\/2019\/10\/On-vit-tous-les-jours-300x225.jpg 300w\" sizes=\"(max-width: 612px) 100vw, 612px\" \/><\/figure>\n\n\n\n<h2>\u00ab\u00a0Une biblioth\u00e8que \u00e0 soi\u00a0\u00bb<\/h2>\n\n\n\n<p>Bien-s\u00fbr ce titre fait \u00e9cho au titre du beau livre de Virginia Wolf. De m\u00eame que \u00ab\u00a0la chambre \u00e0 soi\u00a0\u00bb est une n\u00e9cessit\u00e9 pour l&rsquo;\u00e9mancipation de la femme, je crois que disposer de livres \u00e0 soi, rang\u00e9s sur des \u00e9tag\u00e8res selon notre bon vouloir est une n\u00e9cessit\u00e9 pour acc\u00e9der au plein d\u00e9veloppement de nos capacit\u00e9s.<\/p>\n\n\n\n<p>Je me suis fait op\u00e9rer de la cataracte aux deux yeux. Je comprends seulement maintenant pourquoi, petit \u00e0 petit, il m&rsquo;\u00e9tait devenu si difficile de travailler. Ce ne sont pas seulement des livres que je ne trouvais plus, mais c&rsquo;est tout un pan de ma m\u00e9moire qui devenait difficile d&rsquo;acc\u00e8s. <\/p>\n\n\n\n<p>Pour mon dernier d\u00e9m\u00e9nagement j&rsquo;ai du donner la moiti\u00e9 de ma biblioth\u00e8que. J&rsquo;ai essay\u00e9 de choisir ceux vers qui je ne reviendrai pas, les non indispensables, ceux qui me manqueraient le moins. Malgr\u00e9 le soin apport\u00e9 au tri, il n&rsquo;a fallu que peu de temps pour que je cherche vainement ce livre que je n&rsquo;aurai jamais d\u00fb donner, celui-l\u00e0 o\u00f9 j&rsquo;aurais pu retrouver cet exemple, cette citation, cette id\u00e9e dont j&rsquo;ai besoin, l\u00e0, maintenant, tout de suite. Avec la baisse de ma vue, c&rsquo;est la fl\u00e2nerie si agr\u00e9able au milieu de mes tr\u00e9sors, la recherche si importante pour un travail en cours ou projet\u00e9 qui \u00e9taient devenues difficiles. Avec le \u00ab\u00a0miracle\u00a0\u00bb de l&rsquo;op\u00e9ration de la cataracte, mes livres me sont rendus, mon cerveau est \u00e0 nouveau nourri de mes fl\u00e2neries et recherches. Je revis.<\/p>\n\n\n\n<p>Je souhaite \u00e0 chacun de pouvoir conna\u00eetre ce bonheur.  Il est incomparables avec ceux r\u00e9els qu&rsquo;on peut trouver dans une biblioth\u00e8que publique, dans une libraire&#8230; ou dans une recherche sur internet. Ils sont l\u00e0, chaque jour, \u00e0 port\u00e9e de la main, du r\u00e9veil, au coucher, on peut les feuilleter, les semer de la table de nuit, au WC, jusqu&rsquo;a la table de travail, sans oublier celle o\u00f9 l&rsquo;on mange. On peut attaquer un nouveau rangement \u00e0 n&rsquo;importe quel moment, d\u00e9placer des livres sans cesse. Red\u00e9couvrir celui qu&rsquo;on a lu, ouvert cent fois, puis oubli\u00e9, ou celui qu&rsquo;on a ouvert que le jour de l&rsquo;achat puis oubli\u00e9 bien rang\u00e9 \u00e0 une place choisie dans l&rsquo;instant, dont la logique s&rsquo;est perdue dans les m\u00e9andres de nos r\u00e9flexions, mais dont la lecture est si urgente, ou si fondamentale&#8230; sous peu. Mais il y a tant \u00e0 lire, tant \u00e0 d\u00e9couvrir.<\/p>\n\n\n\n<p>Vive les livres ! Vive la biblioth\u00e8que \u00e0 soi ! <\/p>\n\n\n\n<p><strong>Post-scriptum <\/strong>: <em>peut-\u00eatre qu&rsquo;un jour la biblioth\u00e8que num\u00e9rique tentera de remplacer les \u00e9tag\u00e8res, mais je ne suis pas s\u00fbr qu&rsquo;elle puisse remplacer le plaisir de voir les livres autour de soi, offert \u00e0 nos regards comme aux regards des personnes qui nous font l&rsquo;honneur de nous rendre visite, pr\u00eats \u00e0 \u00eatre touch\u00e9s, caress\u00e9s, admir\u00e9s (Les couvertures des livre de poche des ann\u00e9es 1970 ont grandement contribu\u00e9 \u00e0 d\u00e9velopper ma curiosit\u00e9 et mon envie de lire).<\/em><\/p>\n\n\n\n<p> <\/p>\n","protected":false},"excerpt":{"rendered":"<p>\u00ab\u00a0Nous avons le temps\u00a0\u00bb suivi de \u00ab\u00a0Une biblioth\u00e8que \u00e0 soi\u00a0\u00bb 31\/10\/2019 Certains soi-disant philosophes ou autres vendeurs de recettes pour \u00ab\u00a0mieux vivre\u00a0\u00bb vont r\u00e9p\u00e9tant tant\u00f4t \u00ab\u00a0Vis ce jour comme si c&rsquo;\u00e9tait le dernier\u00a0\u00bb, tant\u00f4t \u00ab\u00a0Cueilles le jour pr\u00e9sent sans te soucier du lendemain\u00a0\u00bb. Je ne sais si ce sont les m\u00eames, je n&rsquo;ai pas trop &hellip; <\/p>\n<p class=\"link-more\"><a href=\"https:\/\/laviecommence.fr\/index.php\/2019\/10\/31\/nous-avons-le-temps-suivi-de-une-bibliotheque-a-soi\/\" class=\"more-link\">Continuer la lecture<span class=\"screen-reader-text\"> de &laquo;&nbsp;\u00ab\u00a0Nous avons le temps\u00a0\u00bb suivi de \u00ab\u00a0Une biblioth\u00e8que \u00e0 soi\u00a0\u00bb 31\/10\/2019&nbsp;&raquo;<\/span><\/a><\/p>\n","protected":false},"author":3,"featured_media":0,"comment_status":"closed","ping_status":"closed","sticky":false,"template":"","format":"standard","meta":{"spay_email":""},"categories":[1],"tags":[],"jetpack_featured_media_url":"","jetpack_shortlink":"https:\/\/wp.me\/p9eCPT-pd","_links":{"self":[{"href":"https:\/\/laviecommence.fr\/index.php\/wp-json\/wp\/v2\/posts\/1563"}],"collection":[{"href":"https:\/\/laviecommence.fr\/index.php\/wp-json\/wp\/v2\/posts"}],"about":[{"href":"https:\/\/laviecommence.fr\/index.php\/wp-json\/wp\/v2\/types\/post"}],"author":[{"embeddable":true,"href":"https:\/\/laviecommence.fr\/index.php\/wp-json\/wp\/v2\/users\/3"}],"replies":[{"embeddable":true,"href":"https:\/\/laviecommence.fr\/index.php\/wp-json\/wp\/v2\/comments?post=1563"}],"version-history":[{"count":8,"href":"https:\/\/laviecommence.fr\/index.php\/wp-json\/wp\/v2\/posts\/1563\/revisions"}],"predecessor-version":[{"id":1576,"href":"https:\/\/laviecommence.fr\/index.php\/wp-json\/wp\/v2\/posts\/1563\/revisions\/1576"}],"wp:attachment":[{"href":"https:\/\/laviecommence.fr\/index.php\/wp-json\/wp\/v2\/media?parent=1563"}],"wp:term":[{"taxonomy":"category","embeddable":true,"href":"https:\/\/laviecommence.fr\/index.php\/wp-json\/wp\/v2\/categories?post=1563"},{"taxonomy":"post_tag","embeddable":true,"href":"https:\/\/laviecommence.fr\/index.php\/wp-json\/wp\/v2\/tags?post=1563"}],"curies":[{"name":"wp","href":"https:\/\/api.w.org\/{rel}","templated":true}]}}