{"id":1233,"date":"2019-02-06T08:49:26","date_gmt":"2019-02-06T07:49:26","guid":{"rendered":"http:\/\/laviecommence.fr\/?p=1233"},"modified":"2019-02-28T18:12:46","modified_gmt":"2019-02-28T17:12:46","slug":"augmenter-le-pouvoir-de-vivre","status":"publish","type":"post","link":"https:\/\/laviecommence.fr\/index.php\/2019\/02\/06\/augmenter-le-pouvoir-de-vivre\/","title":{"rendered":"Augmenter le pouvoir d&rsquo;achat ou le pouvoir de vivre ? 07\/02\/2019"},"content":{"rendered":"\n<h3>Augmenter le pouvoir d&rsquo;achat, <br>ou bien le pouvoir de vivre ?<br>Martigues le 7 f\u00e9vrier 2019<\/h3>\n\n\n\n<p>Si nous mettons en avant l&rsquo;augmentation du seul pouvoir d&rsquo;achat, nous ouvrons la porte aux manoeuvres de Macron et de son gouvernement, ou bien encore celles du FN\/RN , qui veulent nous faire confondre une vraie augmentation de salaire, avec une augmentation du seul salaire net. Rappelons que le <em>salaire total <\/em>comprend l&rsquo;ensemble des cotisations sociales, quelles soient d\u00eetes salariales ou patronales. Ces cotisations sociales ne constituent pas un salaire diff\u00e9r\u00e9, comme nous les avons longtemps  nomm\u00e9es, mais un salaire socialis\u00e9. Elles financent, ou devraient financer, notre S\u00e9curit\u00e9 sociale, la protection imm\u00e9diate de tous les travailleurs face aux risques sociaux : maladie et accidents de travail, charges de famille, vieillesse, ch\u00f4mage (formellement pas int\u00e9gr\u00e9 \u00e0 la S\u00e9curit\u00e9 sociale)&#8230; Nous voulons voir ajouter \u00e0 cette liste  la perte d&rsquo;autonomie. Nos organisations ont aussi un projet de vraie s\u00e9curit\u00e9 sociale professionnelle. Nous voulons une prise en charge du risque maladie \u00e0 100%. Enfin nous voulons que le salaire maintenu des anciens soient port\u00e9 au  minimum au niveau du SMIC et index\u00e9 sur l&rsquo;\u00e9volution des salaires. Pour mener \u00e0 bien ces projets nous r\u00e9clamons, la fin de toutes les exon\u00e9rations de cotisations, la substitution de cotisations sociales \u00e0 la CSG. En r\u00e9sum\u00e9, nous nous battons pour :<\/p>\n\n\n\n<p><strong>l&rsquo;augmentation du <\/strong><em><strong>salaire total,&nbsp;<\/strong>soit&nbsp;le&nbsp;<\/em>salaire&nbsp;brut plus les cotisations&nbsp;d\u00eetes&nbsp;patronales<strong>, pour construire une <em>S\u00e9curit\u00e9&nbsp;sociale&nbsp;int\u00e9grale<\/em><\/strong><em><strong>.<\/strong><\/em><\/p>\n\n\n\n<figure class=\"wp-block-image is-resized\"><img loading=\"lazy\" src=\"http:\/\/laviecommence.fr\/wp-content\/uploads\/2019\/02\/La-Se\u0301cu-cest-la-vie.jpg\" alt=\"\" class=\"wp-image-1237\" width=\"357\" height=\"361\" srcset=\"https:\/\/laviecommence.fr\/wp-content\/uploads\/2019\/02\/La-Se\u0301cu-cest-la-vie.jpg 329w, https:\/\/laviecommence.fr\/wp-content\/uploads\/2019\/02\/La-Se\u0301cu-cest-la-vie-296x300.jpg 296w, https:\/\/laviecommence.fr\/wp-content\/uploads\/2019\/02\/La-Se\u0301cu-cest-la-vie-100x100.jpg 100w\" sizes=\"(max-width: 357px) 100vw, 357px\" \/><\/figure>\n\n\n\n<p>Si nous prenons l&rsquo;habitude de substituer la revendication d&rsquo;augmentation du pouvoir de vivre \u00e0 celle d&rsquo;augmentation du pouvoir d&rsquo;achat ; nous nous faciliterions la t\u00e2che pour prendre en cause l&rsquo;ensemble des besoins humains et expliquer notre projet de soci\u00e9t\u00e9. Tout ce dont chacun a besoin pour vivre ne s&rsquo;ach\u00e8te pas ! M\u00eame si, le patronat et le pouvoir \u00e0 sa botte s&rsquo;attaque sans rel\u00e2che \u00e0 notre S\u00e9curit\u00e9 sociale et au Service(s) public(s), dans la soci\u00e9t\u00e9 telle qu&rsquo;elle est aujourd&rsquo;hui tout n&rsquo;appartient pas aux capitalistes, tout ne se vend pas, gratuit\u00e9, ou ne se vend pas au prix du march\u00e9, gr\u00e2ce \u00e0 une participation des pouvoirs publics. La satisfaction d&rsquo;une partie de nos besoins est socialis\u00e9e, gr\u00e2ce d&rsquo;une part \u00e0 la cotisation sociale, d&rsquo;autre part \u00e0 l&rsquo;imp\u00f4t.<\/p>\n\n\n\n<p>Nous voulons vivre, bien vivre, vivre \u00e0 100%. Notre parachute \u00e0 nous, c&rsquo;est la S\u00e9curit\u00e9 sociale, notre paradis ce ne sont pas les Bahamas, c&rsquo;est un pays o\u00f9 il peut faire bon vivre. Pour qu&rsquo;il fasse bon vivre pour tous, il faut bien s\u00fbr en finir avec les fins de mois cauchemardesques. Leurs heures suppl\u00e9mentaires ne sont pas la solution, elles doivent rester l&rsquo;exception. Il faut des salaires d\u00e9cents : une augmentation cons\u00e9quente du SMIC et une revalorisation des salaires en fonction, en fixant aussi un maximum. Il faut que les minimas sociaux rattrapent le SMIC. Mais comme tout ne s\u2019ach\u00e8te pas, et c\u2019est tant mieux, pour bien vivre nous voulons plus de services publics, plus de services publics gratuits. Nous pouvons faire notre, le slogan de la mairie communiste de Martigues : <strong>\u00c9galit\u00e9 Fraternit\u00e9 Gratuit\u00e9<\/strong>.<br> <br> Ce billet n\u2019expose pas un cahier de revendications, il expose un point de vue moral. Le nous, de ce texte, est un nous qui se veut englobant, nous les \u00ab&nbsp;laborieux&nbsp;\u00bb,&nbsp;ceux d\u2019en bas ou de pas bien haut qui voulons un monde commun, nous qui nous m\u00ealons des affaires de ce pays. \u00c0 partir d\u2019un principe simple et incontestable : chacun de nous doit disposer suffisamment de<strong> \u00ab\u00a0pouvoir de vivre\u00a0\u00bb.&nbsp;<\/strong><\/p>\n","protected":false},"excerpt":{"rendered":"<p>Augmenter le pouvoir d&rsquo;achat, ou bien le pouvoir de vivre ?Martigues le 7 f\u00e9vrier 2019 Si nous mettons en avant l&rsquo;augmentation du seul pouvoir d&rsquo;achat, nous ouvrons la porte aux manoeuvres de Macron et de son gouvernement, ou bien encore celles du FN\/RN , qui veulent nous faire confondre une vraie augmentation de salaire, avec &hellip; <\/p>\n<p class=\"link-more\"><a href=\"https:\/\/laviecommence.fr\/index.php\/2019\/02\/06\/augmenter-le-pouvoir-de-vivre\/\" class=\"more-link\">Continuer la lecture<span class=\"screen-reader-text\"> de &laquo;&nbsp;Augmenter le pouvoir d&rsquo;achat ou le pouvoir de vivre ? 07\/02\/2019&nbsp;&raquo;<\/span><\/a><\/p>\n","protected":false},"author":3,"featured_media":0,"comment_status":"closed","ping_status":"closed","sticky":false,"template":"","format":"standard","meta":{"spay_email":""},"categories":[1],"tags":[],"jetpack_featured_media_url":"","jetpack_shortlink":"https:\/\/wp.me\/p9eCPT-jT","_links":{"self":[{"href":"https:\/\/laviecommence.fr\/index.php\/wp-json\/wp\/v2\/posts\/1233"}],"collection":[{"href":"https:\/\/laviecommence.fr\/index.php\/wp-json\/wp\/v2\/posts"}],"about":[{"href":"https:\/\/laviecommence.fr\/index.php\/wp-json\/wp\/v2\/types\/post"}],"author":[{"embeddable":true,"href":"https:\/\/laviecommence.fr\/index.php\/wp-json\/wp\/v2\/users\/3"}],"replies":[{"embeddable":true,"href":"https:\/\/laviecommence.fr\/index.php\/wp-json\/wp\/v2\/comments?post=1233"}],"version-history":[{"count":11,"href":"https:\/\/laviecommence.fr\/index.php\/wp-json\/wp\/v2\/posts\/1233\/revisions"}],"predecessor-version":[{"id":1306,"href":"https:\/\/laviecommence.fr\/index.php\/wp-json\/wp\/v2\/posts\/1233\/revisions\/1306"}],"wp:attachment":[{"href":"https:\/\/laviecommence.fr\/index.php\/wp-json\/wp\/v2\/media?parent=1233"}],"wp:term":[{"taxonomy":"category","embeddable":true,"href":"https:\/\/laviecommence.fr\/index.php\/wp-json\/wp\/v2\/categories?post=1233"},{"taxonomy":"post_tag","embeddable":true,"href":"https:\/\/laviecommence.fr\/index.php\/wp-json\/wp\/v2\/tags?post=1233"}],"curies":[{"name":"wp","href":"https:\/\/api.w.org\/{rel}","templated":true}]}}